{"id":82,"date":"2025-09-16T10:17:46","date_gmt":"2025-09-16T08:17:46","guid":{"rendered":"http:\/\/janescher.de\/?p=82"},"modified":"2025-09-16T10:17:46","modified_gmt":"2025-09-16T08:17:46","slug":"oktober-2019-121-neue-steinkauzroehren","status":"publish","type":"post","link":"https:\/\/www.eulenforschung.de\/index.php\/2025\/09\/oktober-2019-121-neue-steinkauzroehren\/","title":{"rendered":"Oktober 2019: 121 neue Steinkauzr\u00f6hren"},"content":{"rendered":"\n<h2 class=\"wp-block-heading\">Oktober 2019: 121 neue Steinkauzr\u00f6hren<\/h2>\n\n\n\n<p>Es ist vollbracht: Der 2. Vorsitzende der FOGE, der Schreiner Lothar Grau (2. von rechts), hat in seiner Werkstatt in Horrheim insgesamt 121 neue Steinkauzr\u00f6hren gezimmert. Die FOGE wird die Nisthilfen in den n\u00e4chsten Jahren verwenden, um besch\u00e4digte R\u00f6hren auszutauschen und in geeigneten Habitaten neue Brutm\u00f6glichkeiten zu schaffen.<\/p>\n\n\n\n<figure class=\"wp-block-image size-full\"><img loading=\"lazy\" decoding=\"async\" width=\"800\" height=\"506\" src=\"http:\/\/janescher.de\/wp-content\/uploads\/2025\/09\/2019_Neue-Steinkauzroehren.jpg\" alt=\"\" class=\"wp-image-83\" srcset=\"https:\/\/www.eulenforschung.de\/wp-content\/uploads\/2025\/09\/2019_Neue-Steinkauzroehren.jpg 800w, https:\/\/www.eulenforschung.de\/wp-content\/uploads\/2025\/09\/2019_Neue-Steinkauzroehren-300x190.jpg 300w, https:\/\/www.eulenforschung.de\/wp-content\/uploads\/2025\/09\/2019_Neue-Steinkauzroehren-768x486.jpg 768w, https:\/\/www.eulenforschung.de\/wp-content\/uploads\/2025\/09\/2019_Neue-Steinkauzroehren-285x180.jpg 285w\" sizes=\"auto, (max-width: 800px) 100vw, 800px\" \/><\/figure>\n","protected":false},"excerpt":{"rendered":"<p>Oktober 2019: 121 neue Steinkauzr\u00f6hren Es ist vollbracht: Der 2. Vorsitzende der FOGE, der Schreiner Lothar Grau (2. von rechts), hat in seiner Werkstatt in Horrheim insgesamt 121 neue Steinkauzr\u00f6hren&hellip;<\/p>\n","protected":false},"author":1,"featured_media":0,"comment_status":"open","ping_status":"open","sticky":false,"template":"","format":"standard","meta":{"footnotes":""},"categories":[1],"tags":[],"class_list":["post-82","post","type-post","status-publish","format-standard","hentry","category-allgemein"],"yoast_head":"<!-- This site is optimized with the Yoast SEO plugin v27.5 - https:\/\/yoast.com\/product\/yoast-seo-wordpress\/ -->\n<title>Oktober 2019: 121 neue Steinkauzr\u00f6hren - FOGE-Eulenforschung<\/title>\n<meta name=\"robots\" content=\"index, follow, max-snippet:-1, max-image-preview:large, max-video-preview:-1\" \/>\n<link rel=\"canonical\" href=\"https:\/\/www.eulenforschung.de\/index.php\/2025\/09\/oktober-2019-121-neue-steinkauzroehren\/\" \/>\n<meta property=\"og:locale\" content=\"de_DE\" \/>\n<meta property=\"og:type\" content=\"article\" \/>\n<meta property=\"og:title\" content=\"Oktober 2019: 121 neue Steinkauzr\u00f6hren - FOGE-Eulenforschung\" \/>\n<meta property=\"og:description\" content=\"Oktober 2019: 121 neue Steinkauzr\u00f6hren Es ist vollbracht: Der 2. Vorsitzende der FOGE, der Schreiner Lothar Grau (2. von rechts), hat in seiner Werkstatt in Horrheim insgesamt 121 neue Steinkauzr\u00f6hren&hellip;\" \/>\n<meta property=\"og:url\" content=\"https:\/\/www.eulenforschung.de\/index.php\/2025\/09\/oktober-2019-121-neue-steinkauzroehren\/\" \/>\n<meta property=\"og:site_name\" content=\"FOGE-Eulenforschung\" \/>\n<meta property=\"article:published_time\" content=\"2025-09-16T08:17:46+00:00\" \/>\n<meta property=\"og:image\" content=\"http:\/\/janescher.de\/wp-content\/uploads\/2025\/09\/2019_Neue-Steinkauzroehren.jpg\" \/>\n<meta name=\"author\" content=\"janescher-foge\" \/>\n<meta name=\"twitter:card\" content=\"summary_large_image\" \/>\n<meta name=\"twitter:label1\" content=\"Verfasst von\" \/>\n\t<meta name=\"twitter:data1\" content=\"janescher-foge\" \/>\n<script type=\"application\/ld+json\" class=\"yoast-schema-graph\">{\"@context\":\"https:\\\/\\\/schema.org\",\"@graph\":[{\"@type\":\"Article\",\"@id\":\"https:\\\/\\\/www.eulenforschung.de\\\/index.php\\\/2025\\\/09\\\/oktober-2019-121-neue-steinkauzroehren\\\/#article\",\"isPartOf\":{\"@id\":\"https:\\\/\\\/www.eulenforschung.de\\\/index.php\\\/2025\\\/09\\\/oktober-2019-121-neue-steinkauzroehren\\\/\"},\"author\":{\"name\":\"janescher-foge\",\"@id\":\"https:\\\/\\\/www.eulenforschung.de\\\/#\\\/schema\\\/person\\\/8f5f2f3f77ef12f5e5e76f4535bc78bf\"},\"headline\":\"Oktober 2019: 121 neue Steinkauzr\u00f6hren\",\"datePublished\":\"2025-09-16T08:17:46+00:00\",\"mainEntityOfPage\":{\"@id\":\"https:\\\/\\\/www.eulenforschung.de\\\/index.php\\\/2025\\\/09\\\/oktober-2019-121-neue-steinkauzroehren\\\/\"},\"wordCount\":58,\"commentCount\":0,\"image\":{\"@id\":\"https:\\\/\\\/www.eulenforschung.de\\\/index.php\\\/2025\\\/09\\\/oktober-2019-121-neue-steinkauzroehren\\\/#primaryimage\"},\"thumbnailUrl\":\"http:\\\/\\\/janescher.de\\\/wp-content\\\/uploads\\\/2025\\\/09\\\/2019_Neue-Steinkauzroehren.jpg\",\"inLanguage\":\"de\",\"potentialAction\":[{\"@type\":\"CommentAction\",\"name\":\"Comment\",\"target\":[\"https:\\\/\\\/www.eulenforschung.de\\\/index.php\\\/2025\\\/09\\\/oktober-2019-121-neue-steinkauzroehren\\\/#respond\"]}]},{\"@type\":\"WebPage\",\"@id\":\"https:\\\/\\\/www.eulenforschung.de\\\/index.php\\\/2025\\\/09\\\/oktober-2019-121-neue-steinkauzroehren\\\/\",\"url\":\"https:\\\/\\\/www.eulenforschung.de\\\/index.php\\\/2025\\\/09\\\/oktober-2019-121-neue-steinkauzroehren\\\/\",\"name\":\"Oktober 2019: 121 neue Steinkauzr\u00f6hren - FOGE-Eulenforschung\",\"isPartOf\":{\"@id\":\"https:\\\/\\\/www.eulenforschung.de\\\/#website\"},\"primaryImageOfPage\":{\"@id\":\"https:\\\/\\\/www.eulenforschung.de\\\/index.php\\\/2025\\\/09\\\/oktober-2019-121-neue-steinkauzroehren\\\/#primaryimage\"},\"image\":{\"@id\":\"https:\\\/\\\/www.eulenforschung.de\\\/index.php\\\/2025\\\/09\\\/oktober-2019-121-neue-steinkauzroehren\\\/#primaryimage\"},\"thumbnailUrl\":\"http:\\\/\\\/janescher.de\\\/wp-content\\\/uploads\\\/2025\\\/09\\\/2019_Neue-Steinkauzroehren.jpg\",\"datePublished\":\"2025-09-16T08:17:46+00:00\",\"author\":{\"@id\":\"https:\\\/\\\/www.eulenforschung.de\\\/#\\\/schema\\\/person\\\/8f5f2f3f77ef12f5e5e76f4535bc78bf\"},\"breadcrumb\":{\"@id\":\"https:\\\/\\\/www.eulenforschung.de\\\/index.php\\\/2025\\\/09\\\/oktober-2019-121-neue-steinkauzroehren\\\/#breadcrumb\"},\"inLanguage\":\"de\",\"potentialAction\":[{\"@type\":\"ReadAction\",\"target\":[\"https:\\\/\\\/www.eulenforschung.de\\\/index.php\\\/2025\\\/09\\\/oktober-2019-121-neue-steinkauzroehren\\\/\"]}]},{\"@type\":\"ImageObject\",\"inLanguage\":\"de\",\"@id\":\"https:\\\/\\\/www.eulenforschung.de\\\/index.php\\\/2025\\\/09\\\/oktober-2019-121-neue-steinkauzroehren\\\/#primaryimage\",\"url\":\"http:\\\/\\\/janescher.de\\\/wp-content\\\/uploads\\\/2025\\\/09\\\/2019_Neue-Steinkauzroehren.jpg\",\"contentUrl\":\"http:\\\/\\\/janescher.de\\\/wp-content\\\/uploads\\\/2025\\\/09\\\/2019_Neue-Steinkauzroehren.jpg\"},{\"@type\":\"BreadcrumbList\",\"@id\":\"https:\\\/\\\/www.eulenforschung.de\\\/index.php\\\/2025\\\/09\\\/oktober-2019-121-neue-steinkauzroehren\\\/#breadcrumb\",\"itemListElement\":[{\"@type\":\"ListItem\",\"position\":1,\"name\":\"Startseite\",\"item\":\"https:\\\/\\\/www.eulenforschung.de\\\/\"},{\"@type\":\"ListItem\",\"position\":2,\"name\":\"Oktober 2019: 121 neue Steinkauzr\u00f6hren\"}]},{\"@type\":\"WebSite\",\"@id\":\"https:\\\/\\\/www.eulenforschung.de\\\/#website\",\"url\":\"https:\\\/\\\/www.eulenforschung.de\\\/\",\"name\":\"FOGE-Eulenforschung\",\"description\":\"Forschungsgemeinschaft zur Erhaltung einheimischer Eulen e.V.\",\"alternateName\":\"Forschungsgemeinschaft zur Erhaltung einheimischer Eulen e.V.\",\"potentialAction\":[{\"@type\":\"SearchAction\",\"target\":{\"@type\":\"EntryPoint\",\"urlTemplate\":\"https:\\\/\\\/www.eulenforschung.de\\\/?s={search_term_string}\"},\"query-input\":{\"@type\":\"PropertyValueSpecification\",\"valueRequired\":true,\"valueName\":\"search_term_string\"}}],\"inLanguage\":\"de\"},{\"@type\":\"Person\",\"@id\":\"https:\\\/\\\/www.eulenforschung.de\\\/#\\\/schema\\\/person\\\/8f5f2f3f77ef12f5e5e76f4535bc78bf\",\"name\":\"janescher-foge\",\"image\":{\"@type\":\"ImageObject\",\"inLanguage\":\"de\",\"@id\":\"https:\\\/\\\/secure.gravatar.com\\\/avatar\\\/9fd6b94c604e0cfebb6037d1db09166b3744d5a73a6e0ba2a14f5a694cb77f44?s=96&d=mm&r=g\",\"url\":\"https:\\\/\\\/secure.gravatar.com\\\/avatar\\\/9fd6b94c604e0cfebb6037d1db09166b3744d5a73a6e0ba2a14f5a694cb77f44?s=96&d=mm&r=g\",\"contentUrl\":\"https:\\\/\\\/secure.gravatar.com\\\/avatar\\\/9fd6b94c604e0cfebb6037d1db09166b3744d5a73a6e0ba2a14f5a694cb77f44?s=96&d=mm&r=g\",\"caption\":\"janescher-foge\"},\"sameAs\":[\"http:\\\/\\\/janescher.de\"],\"url\":\"https:\\\/\\\/www.eulenforschung.de\\\/index.php\\\/author\\\/janescher-foge\\\/\"}]}<\/script>\n<!-- \/ Yoast SEO plugin. -->","yoast_head_json":{"title":"Oktober 2019: 121 neue Steinkauzr\u00f6hren - FOGE-Eulenforschung","robots":{"index":"index","follow":"follow","max-snippet":"max-snippet:-1","max-image-preview":"max-image-preview:large","max-video-preview":"max-video-preview:-1"},"canonical":"https:\/\/www.eulenforschung.de\/index.php\/2025\/09\/oktober-2019-121-neue-steinkauzroehren\/","og_locale":"de_DE","og_type":"article","og_title":"Oktober 2019: 121 neue Steinkauzr\u00f6hren - FOGE-Eulenforschung","og_description":"Oktober 2019: 121 neue Steinkauzr\u00f6hren Es ist vollbracht: Der 2. Vorsitzende der FOGE, der Schreiner Lothar Grau (2. von rechts), hat in seiner Werkstatt in Horrheim insgesamt 121 neue Steinkauzr\u00f6hren&hellip;","og_url":"https:\/\/www.eulenforschung.de\/index.php\/2025\/09\/oktober-2019-121-neue-steinkauzroehren\/","og_site_name":"FOGE-Eulenforschung","article_published_time":"2025-09-16T08:17:46+00:00","og_image":[{"url":"http:\/\/janescher.de\/wp-content\/uploads\/2025\/09\/2019_Neue-Steinkauzroehren.jpg","type":"","width":"","height":""}],"author":"janescher-foge","twitter_card":"summary_large_image","twitter_misc":{"Verfasst von":"janescher-foge"},"schema":{"@context":"https:\/\/schema.org","@graph":[{"@type":"Article","@id":"https:\/\/www.eulenforschung.de\/index.php\/2025\/09\/oktober-2019-121-neue-steinkauzroehren\/#article","isPartOf":{"@id":"https:\/\/www.eulenforschung.de\/index.php\/2025\/09\/oktober-2019-121-neue-steinkauzroehren\/"},"author":{"name":"janescher-foge","@id":"https:\/\/www.eulenforschung.de\/#\/schema\/person\/8f5f2f3f77ef12f5e5e76f4535bc78bf"},"headline":"Oktober 2019: 121 neue Steinkauzr\u00f6hren","datePublished":"2025-09-16T08:17:46+00:00","mainEntityOfPage":{"@id":"https:\/\/www.eulenforschung.de\/index.php\/2025\/09\/oktober-2019-121-neue-steinkauzroehren\/"},"wordCount":58,"commentCount":0,"image":{"@id":"https:\/\/www.eulenforschung.de\/index.php\/2025\/09\/oktober-2019-121-neue-steinkauzroehren\/#primaryimage"},"thumbnailUrl":"http:\/\/janescher.de\/wp-content\/uploads\/2025\/09\/2019_Neue-Steinkauzroehren.jpg","inLanguage":"de","potentialAction":[{"@type":"CommentAction","name":"Comment","target":["https:\/\/www.eulenforschung.de\/index.php\/2025\/09\/oktober-2019-121-neue-steinkauzroehren\/#respond"]}]},{"@type":"WebPage","@id":"https:\/\/www.eulenforschung.de\/index.php\/2025\/09\/oktober-2019-121-neue-steinkauzroehren\/","url":"https:\/\/www.eulenforschung.de\/index.php\/2025\/09\/oktober-2019-121-neue-steinkauzroehren\/","name":"Oktober 2019: 121 neue Steinkauzr\u00f6hren - FOGE-Eulenforschung","isPartOf":{"@id":"https:\/\/www.eulenforschung.de\/#website"},"primaryImageOfPage":{"@id":"https:\/\/www.eulenforschung.de\/index.php\/2025\/09\/oktober-2019-121-neue-steinkauzroehren\/#primaryimage"},"image":{"@id":"https:\/\/www.eulenforschung.de\/index.php\/2025\/09\/oktober-2019-121-neue-steinkauzroehren\/#primaryimage"},"thumbnailUrl":"http:\/\/janescher.de\/wp-content\/uploads\/2025\/09\/2019_Neue-Steinkauzroehren.jpg","datePublished":"2025-09-16T08:17:46+00:00","author":{"@id":"https:\/\/www.eulenforschung.de\/#\/schema\/person\/8f5f2f3f77ef12f5e5e76f4535bc78bf"},"breadcrumb":{"@id":"https:\/\/www.eulenforschung.de\/index.php\/2025\/09\/oktober-2019-121-neue-steinkauzroehren\/#breadcrumb"},"inLanguage":"de","potentialAction":[{"@type":"ReadAction","target":["https:\/\/www.eulenforschung.de\/index.php\/2025\/09\/oktober-2019-121-neue-steinkauzroehren\/"]}]},{"@type":"ImageObject","inLanguage":"de","@id":"https:\/\/www.eulenforschung.de\/index.php\/2025\/09\/oktober-2019-121-neue-steinkauzroehren\/#primaryimage","url":"http:\/\/janescher.de\/wp-content\/uploads\/2025\/09\/2019_Neue-Steinkauzroehren.jpg","contentUrl":"http:\/\/janescher.de\/wp-content\/uploads\/2025\/09\/2019_Neue-Steinkauzroehren.jpg"},{"@type":"BreadcrumbList","@id":"https:\/\/www.eulenforschung.de\/index.php\/2025\/09\/oktober-2019-121-neue-steinkauzroehren\/#breadcrumb","itemListElement":[{"@type":"ListItem","position":1,"name":"Startseite","item":"https:\/\/www.eulenforschung.de\/"},{"@type":"ListItem","position":2,"name":"Oktober 2019: 121 neue Steinkauzr\u00f6hren"}]},{"@type":"WebSite","@id":"https:\/\/www.eulenforschung.de\/#website","url":"https:\/\/www.eulenforschung.de\/","name":"FOGE-Eulenforschung","description":"Forschungsgemeinschaft zur Erhaltung einheimischer Eulen e.V.","alternateName":"Forschungsgemeinschaft zur Erhaltung einheimischer Eulen e.V.","potentialAction":[{"@type":"SearchAction","target":{"@type":"EntryPoint","urlTemplate":"https:\/\/www.eulenforschung.de\/?s={search_term_string}"},"query-input":{"@type":"PropertyValueSpecification","valueRequired":true,"valueName":"search_term_string"}}],"inLanguage":"de"},{"@type":"Person","@id":"https:\/\/www.eulenforschung.de\/#\/schema\/person\/8f5f2f3f77ef12f5e5e76f4535bc78bf","name":"janescher-foge","image":{"@type":"ImageObject","inLanguage":"de","@id":"https:\/\/secure.gravatar.com\/avatar\/9fd6b94c604e0cfebb6037d1db09166b3744d5a73a6e0ba2a14f5a694cb77f44?s=96&d=mm&r=g","url":"https:\/\/secure.gravatar.com\/avatar\/9fd6b94c604e0cfebb6037d1db09166b3744d5a73a6e0ba2a14f5a694cb77f44?s=96&d=mm&r=g","contentUrl":"https:\/\/secure.gravatar.com\/avatar\/9fd6b94c604e0cfebb6037d1db09166b3744d5a73a6e0ba2a14f5a694cb77f44?s=96&d=mm&r=g","caption":"janescher-foge"},"sameAs":["http:\/\/janescher.de"],"url":"https:\/\/www.eulenforschung.de\/index.php\/author\/janescher-foge\/"}]}},"_links":{"self":[{"href":"https:\/\/www.eulenforschung.de\/index.php\/wp-json\/wp\/v2\/posts\/82","targetHints":{"allow":["GET"]}}],"collection":[{"href":"https:\/\/www.eulenforschung.de\/index.php\/wp-json\/wp\/v2\/posts"}],"about":[{"href":"https:\/\/www.eulenforschung.de\/index.php\/wp-json\/wp\/v2\/types\/post"}],"author":[{"embeddable":true,"href":"https:\/\/www.eulenforschung.de\/index.php\/wp-json\/wp\/v2\/users\/1"}],"replies":[{"embeddable":true,"href":"https:\/\/www.eulenforschung.de\/index.php\/wp-json\/wp\/v2\/comments?post=82"}],"version-history":[{"count":1,"href":"https:\/\/www.eulenforschung.de\/index.php\/wp-json\/wp\/v2\/posts\/82\/revisions"}],"predecessor-version":[{"id":84,"href":"https:\/\/www.eulenforschung.de\/index.php\/wp-json\/wp\/v2\/posts\/82\/revisions\/84"}],"wp:attachment":[{"href":"https:\/\/www.eulenforschung.de\/index.php\/wp-json\/wp\/v2\/media?parent=82"}],"wp:term":[{"taxonomy":"category","embeddable":true,"href":"https:\/\/www.eulenforschung.de\/index.php\/wp-json\/wp\/v2\/categories?post=82"},{"taxonomy":"post_tag","embeddable":true,"href":"https:\/\/www.eulenforschung.de\/index.php\/wp-json\/wp\/v2\/tags?post=82"}],"curies":[{"name":"wp","href":"https:\/\/api.w.org\/{rel}","templated":true}]}}